{"id":4119,"date":"2026-09-03T18:22:08","date_gmt":"2026-09-03T17:22:08","guid":{"rendered":"https:\/\/www.jahn-bergturnfest.de\/?p=4119"},"modified":"2026-09-03T18:22:08","modified_gmt":"2026-09-03T17:22:08","slug":"eine-besondere-jubilaeumsveranstaltung-begeisterte-in-beckedorf","status":"publish","type":"post","link":"https:\/\/www.jahn-bergturnfest.de\/?p=4119","title":{"rendered":"Eine besondere Jubil\u00e4umsveranstaltung begeisterte in Beckedorf"},"content":{"rendered":"\n<p>Im Rahmen des 80-j\u00e4hrigen Bestehens des Beckedorfer SV (BSV) und des 89. Jahn-Bergturnfestes kamen am 29. August 2026 zahlreiche Sportbegeisterte und G\u00e4ste auf die Heinrich-V\u00f6lker-Sportanlage. Bei bestem Sommerwetter bot die Jubil\u00e4umsveranstaltung den Besuchern ab 13 Uhr ein ebenso dynamisches wie abwechslungsreiches Programm.<\/p>\n\n\n\n<p>Nach den feierlichen Er\u00f6ffnungsworten durch Beckedorfs B\u00fcrgermeister Bernd Gerberding und den BSV-Vereinsvorsitzenden Bernd D\u00fchlmeier verwandelte sich das Sportgel\u00e4nde in eine lebendige Fest- und Bewegungsmeile. Neben den klassischen Wettk\u00e4mpfen im<br>Trampolin- und Ger\u00e4tturnen stand der Tag im Zeichen der Vielfalt. Die Besucher hatten ausgiebig Gelegenheit, die verschiedenen Sparten des Vereins hautnah kennenzulernen.<\/p>\n\n\n\n<p>Das Angebot reichte von Nordic Walking, Laufen und Tennis \u00fcber Fu\u00dfball und Boule bis hin zu entspannenden Yoga-Einheiten. Auch die j\u00fcngsten Sportler im Alter von drei bis sechs Jahren kamen auf ihre Kosten und eiferten begeistert dem \u201eMinisportabzeichen\u201c nach.<\/p>\n\n\n\n<p>Ein besonderer Publikumsmagnet war die Showb\u00fchne, auf der sich die Sparten des Vereins eindrucksvoll pr\u00e4sentierten. Neben den Vorf\u00fchrungen aus den Bereichen Hip-Hop, Kickboxen und Zumba zog auch der Posaunenchor die Zuh\u00f6rer in seinen Bann. Als besonderer Gastverein bereicherte der TSV Krainhagen \u2013 der letzte Ausrichter des<br>Turnfestes \u2013 das Programm: Die \u201eRoten Petticoats &amp; Cowboys\u201c sorgten mit ihrem Auftritt f\u00fcr gute Stimmung.<\/p>\n\n\n\n<p>F\u00fcr das leibliche Wohl war an zahlreichen St\u00e4nden mit einem vielf\u00e4ltigen Angebot bestens gesorgt. Wie schon bei den Vorg\u00e4ngerturnfesten bildete das traditionelle Zeltlager einen emotionalen H\u00f6hepunkt. Eine exklusive Kinoauff\u00fchrung und eine Disco machten das Wochenende f\u00fcr die Teilnehmer zu einem unvergesslichen Gemeinschaftserlebnis.<\/p>\n\n\n\n<p>\u201eEin solches Fest l\u00e4sst sich nur durch starken ehrenamtlichen Einsatz auf die Beine stellen\u201c, betonte der BSV- und der Turnkreisvorstand und richtete einen gro\u00dfen Dank an die zahlreichen Helfer, die viel Freizeit und kreative Ideen in die Organisation gesteckt haben.<\/p>\n\n\n\n<p>Nach dem Fest ist vor dem Fest: Der Blick richtet sich nun bereits auf das kommende Jahr. Die Schaumburger Vereine und ihre Sportler d\u00fcrfen sich schon jetzt auf das 90. Jahn-Bergturnfest freuen, das vom 25. bis 27. Juni 2027 bei der VT Rinteln stattfinden wird.<\/p>\n","protected":false},"excerpt":{"rendered":"<p>Im Rahmen des 80-j\u00e4hrigen Bestehens des Beckedorfer SV (BSV) und des 89. Jahn-Bergturnfestes kamen am 29. August 2026 zahlreiche Sportbegeisterte und G\u00e4ste auf die Heinrich-V\u00f6lker-Sportanlage. Bei bestem Sommerwetter bot die Jubil\u00e4umsveranstaltung den Besuchern ab 13 Uhr ein ebenso dynamisches wie abwechslungsreiches Programm. Nach den feierlichen Er\u00f6ffnungsworten durch Beckedorfs B\u00fcrgermeister Bernd Gerberding und den BSV-Vereinsvorsitzenden Bernd [&hellip;]<\/p>\n","protected":false},"author":1,"featured_media":0,"comment_status":"closed","ping_status":"closed","sticky":false,"template":"","format":"standard","meta":{"ngg_post_thumbnail":0,"footnotes":""},"categories":[1,3],"tags":[],"class_list":["post-4119","post","type-post","status-publish","format-standard","hentry","category-allgemein","category-topnews"],"_links":{"self":[{"href":"https:\/\/www.jahn-bergturnfest.de\/index.php?rest_route=\/wp\/v2\/posts\/4119","targetHints":{"allow":["GET"]}}],"collection":[{"href":"https:\/\/www.jahn-bergturnfest.de\/index.php?rest_route=\/wp\/v2\/posts"}],"about":[{"href":"https:\/\/www.jahn-bergturnfest.de\/index.php?rest_route=\/wp\/v2\/types\/post"}],"author":[{"embeddable":true,"href":"https:\/\/www.jahn-bergturnfest.de\/index.php?rest_route=\/wp\/v2\/users\/1"}],"replies":[{"embeddable":true,"href":"https:\/\/www.jahn-bergturnfest.de\/index.php?rest_route=%2Fwp%2Fv2%2Fcomments&post=4119"}],"version-history":[{"count":1,"href":"https:\/\/www.jahn-bergturnfest.de\/index.php?rest_route=\/wp\/v2\/posts\/4119\/revisions"}],"predecessor-version":[{"id":4120,"href":"https:\/\/www.jahn-bergturnfest.de\/index.php?rest_route=\/wp\/v2\/posts\/4119\/revisions\/4120"}],"wp:attachment":[{"href":"https:\/\/www.jahn-bergturnfest.de\/index.php?rest_route=%2Fwp%2Fv2%2Fmedia&parent=4119"}],"wp:term":[{"taxonomy":"category","embeddable":true,"href":"https:\/\/www.jahn-bergturnfest.de\/index.php?rest_route=%2Fwp%2Fv2%2Fcategories&post=4119"},{"taxonomy":"post_tag","embeddable":true,"href":"https:\/\/www.jahn-bergturnfest.de\/index.php?rest_route=%2Fwp%2Fv2%2Ftags&post=4119"}],"curies":[{"name":"wp","href":"https:\/\/api.w.org\/{rel}","templated":true}]}}